{"id":4642,"date":"2026-03-27T15:56:19","date_gmt":"2026-03-27T12:56:19","guid":{"rendered":"https:\/\/www.acccflagship.fi\/?p=4642"},"modified":"2026-03-30T16:00:09","modified_gmt":"2026-03-30T13:00:09","slug":"ilmanlaatu-on-heikentynyt-paikoitellen-itarajan-tuntumassa","status":"publish","type":"post","link":"https:\/\/www.acccflagship.fi\/index.php\/2026\/03\/27\/ilmanlaatu-on-heikentynyt-paikoitellen-itarajan-tuntumassa\/","title":{"rendered":"Ilmanlaatu on heikentynyt paikoitellen it\u00e4rajan tuntumassa"},"content":{"rendered":"\n<p>Etel\u00e4-Karjalassa on mitattu kohonneita pienhiukkaspitoisuuksia t\u00e4n\u00e4\u00e4n ja eilen. It\u00e4rajan takaa kulkeutuvat savut voivat vaikuttaa paikallisesti ilmanlaatuun Kaakkois- ja It\u00e4-Suomessa, mink\u00e4 lis\u00e4ksi Keski-Euroopasta kaukokulkeutuneet pienhiukkaset huonontavat ilmanlaatua laajemmalla alueella. Ilmanlaatua heikent\u00e4\u00e4 my\u00f6s kev\u00e4inen katup\u00f6ly.<\/p>\n\n\n\n<p>Ilmanlaatu on ollut Suomessa t\u00e4ll\u00e4 viikolla monin paikoin v\u00e4ltt\u00e4v\u00e4 tai tyydytt\u00e4v\u00e4. T\u00e4h\u00e4n ovat vaikuttaneet Keski-Euroopasta meille kantautuneet pienhiukkaset sek\u00e4 etenkin vilkasliikenteisiss\u00e4 ymp\u00e4rist\u00f6iss\u00e4 katup\u00f6ly.<\/p>\n\n\n\n<p>Lis\u00e4ksi it\u00e4rajan tuntumassa on t\u00e4n\u00e4\u00e4n havaittu savun hajua, joka on mahdollisesti per\u00e4isin Ven\u00e4j\u00e4ll\u00e4 palavista \u00f6ljysatamista. Savujen mukana kulkeutuneet pienhiukkaset ovat heikent\u00e4neet ilmanlaadun ajoittain huonoksi tai eritt\u00e4in huonoksi Imatralla ja Lappeenrannassa.<\/p>\n\n\n\n<p>&#8220;Ven\u00e4j\u00e4lt\u00e4 kulkeutuneet savut eiv\u00e4t ole heikent\u00e4neet ilmanlaatua muualla Suomessa, vaan vaikutukset ovat rajoittuneet paikallisesti Etel\u00e4-Karjalan alueelle&#8221;, sanoo erikoistutkija <strong>Karri Saarnio<\/strong> Ilmatieteen laitokselta. Ilmatieteen laitoksen ennusteen mukaan savut kulkeutuvat tuulen mukana aluksi kohti koillista ja my\u00f6hemmin kohti it\u00e4\u00e4. Savua voi kulkeutua seuraavan vuorokauden aikana maan it\u00e4isimpiin osiin.<\/p>\n\n\n\n<h2 class=\"wp-block-heading\">Heikentynyt ilmanlaatu voi aiheuttaa terveyshaittoja<\/h2>\n\n\n\n<p>Huono ilmanlaatu voi aiheuttaa terveyshaittoja etenkin ilmansaasteille herkille ihmisille. Astmaatikot ja yleens\u00e4 i\u00e4kk\u00e4\u00e4t, sepelvaltimotautia ja keuhkoahtaumatautia sairastavat henkil\u00f6t voivat saada hengitystie- ja syd\u00e4noireita; lis\u00e4ksi keuhkojen ja syd\u00e4men toimintakyky voi heiket\u00e4. Pienhiukkaset voivat lis\u00e4t\u00e4 lasten hengitystieoireita ja -infektioita.<\/p>\n\n\n\n<p>My\u00f6s terveet ihmiset voivat kokea silmien, nen\u00e4n ja kurkun \u00e4rsytyst\u00e4 tai liev\u00e4\u00e4 hengenahdistusta. Oireilevien henkil\u00f6iden kannattaa v\u00e4ltt\u00e4\u00e4 rasitusta aiheuttavaa liikuntaa ulkona ja pysytell\u00e4 p\u00e4\u00e4osin sis\u00e4tiloissa.<\/p>\n\n\n\n<p>Lis\u00e4tietoja ajantasaisesta ilmanlaadusta saa <a class=\"\" href=\"https:\/\/www.ilmatieteenlaitos.fi\/ilmanlaatu\">Ilmatieteen laitoksen verkkopalvelusta<\/a>.<\/p>\n\n\n\n<p>Alkuper\u00e4inen tiedote <a href=\"https:\/\/www.ilmatieteenlaitos.fi\/tiedote\/7zhH8nCwSxHbvjyBFjblC\">Ilmatieteen laitoksen sivuilla<\/a>.<\/p>\n\n\n\n<p><strong>Uutinen muissa medioissa<\/strong><\/p>\n\n\n\n<p><a href=\"https:\/\/www.mtvuutiset.fi\/artikkeli\/venajalla-palavat-oljysatamat-huonontavat-ilmanlaatua-itarajalla\/9316158\">https:\/\/www.mtvuutiset.fi\/artikkeli\/venajalla-palavat-oljysatamat-huonontavat-ilmanlaatua-itarajalla\/9316158<\/a><\/p>\n\n\n\n<p><a href=\"https:\/\/www.suomenmaa.fi\/uutiset\/suomeen-voi-kantautua-tanaan-savua-venajalta-oljysataman-tulipalosta\/\">https:\/\/www.suomenmaa.fi\/uutiset\/suomeen-voi-kantautua-tanaan-savua-venajalta-oljysataman-tulipalosta\/<\/a><\/p>\n\n\n\n<p><a href=\"https:\/\/www.ksml.fi\/uutissuomalainen\/9327387\">https:\/\/www.ksml.fi\/uutissuomalainen\/9327387<\/a><\/p>\n\n\n\n<p><a href=\"https:\/\/www.is.fi\/kotimaa\/art-2000011903254.html\">https:\/\/www.is.fi\/kotimaa\/art-2000011903254.html<\/a><\/p>\n","protected":false},"excerpt":{"rendered":"<p>Etel\u00e4-Karjalassa on mitattu kohonneita pienhiukkaspitoisuuksia t\u00e4n\u00e4\u00e4n ja eilen. It\u00e4rajan takaa kulkeutuvat savut voivat vaikuttaa paikallisesti ilmanlaatuun Kaakkois- ja It\u00e4-Suomessa, mink\u00e4 lis\u00e4ksi Keski-Euroopasta kaukokulkeutuneet pienhiukkaset huonontavat ilmanlaatua laajemmalla alueella. Ilmanlaatua heikent\u00e4\u00e4 my\u00f6s kev\u00e4inen katup\u00f6ly. Ilmanlaatu on ollut Suomessa t\u00e4ll\u00e4 viikolla monin paikoin v\u00e4ltt\u00e4v\u00e4 tai tyydytt\u00e4v\u00e4. T\u00e4h\u00e4n ovat vaikuttaneet Keski-Euroopasta meille kantautuneet pienhiukkaset sek\u00e4 etenkin vilkasliikenteisiss\u00e4 ymp\u00e4rist\u00f6iss\u00e4 [&hellip;]<\/p>\n","protected":false},"author":1,"featured_media":2541,"comment_status":"closed","ping_status":"open","sticky":false,"template":"","format":"standard","meta":{"site-sidebar-layout":"default","site-content-layout":"","ast-site-content-layout":"default","site-content-style":"default","site-sidebar-style":"default","ast-global-header-display":"","ast-banner-title-visibility":"","ast-main-header-display":"","ast-hfb-above-header-display":"","ast-hfb-below-header-display":"","ast-hfb-mobile-header-display":"","site-post-title":"","ast-breadcrumbs-content":"","ast-featured-img":"","footer-sml-layout":"","ast-disable-related-posts":"","theme-transparent-header-meta":"","adv-header-id-meta":"","stick-header-meta":"","header-above-stick-meta":"","header-main-stick-meta":"","header-below-stick-meta":"","astra-migrate-meta-layouts":"set","ast-page-background-enabled":"default","ast-page-background-meta":{"desktop":{"background-color":"var(--ast-global-color-4)","background-image":"","background-repeat":"repeat","background-position":"center center","background-size":"auto","background-attachment":"scroll","background-type":"","background-media":"","overlay-type":"","overlay-color":"","overlay-opacity":"","overlay-gradient":""},"tablet":{"background-color":"","background-image":"","background-repeat":"repeat","background-position":"center center","background-size":"auto","background-attachment":"scroll","background-type":"","background-media":"","overlay-type":"","overlay-color":"","overlay-opacity":"","overlay-gradient":""},"mobile":{"background-color":"","background-image":"","background-repeat":"repeat","background-position":"center center","background-size":"auto","background-attachment":"scroll","background-type":"","background-media":"","overlay-type":"","overlay-color":"","overlay-opacity":"","overlay-gradient":""}},"ast-content-background-meta":{"desktop":{"background-color":"var(--ast-global-color-5)","background-image":"","background-repeat":"repeat","background-position":"center center","background-size":"auto","background-attachment":"scroll","background-type":"","background-media":"","overlay-type":"","overlay-color":"","overlay-opacity":"","overlay-gradient":""},"tablet":{"background-color":"var(--ast-global-color-5)","background-image":"","background-repeat":"repeat","background-position":"center center","background-size":"auto","background-attachment":"scroll","background-type":"","background-media":"","overlay-type":"","overlay-color":"","overlay-opacity":"","overlay-gradient":""},"mobile":{"background-color":"var(--ast-global-color-5)","background-image":"","background-repeat":"repeat","background-position":"center center","background-size":"auto","background-attachment":"scroll","background-type":"","background-media":"","overlay-type":"","overlay-color":"","overlay-opacity":"","overlay-gradient":""}},"_vp_format_video_url":"","_vp_image_focal_point":{"x":0.5,"y":0.5500000000000000444089209850062616169452667236328125},"footnotes":""},"categories":[140,25],"tags":[55],"class_list":["post-4642","post","type-post","status-publish","format-standard","has-post-thumbnail","hentry","category-impact-en","category-uncategorized-en","tag-accc"],"featured_image_src":"https:\/\/www.acccflagship.fi\/wp-content\/uploads\/ACCC-news-1.png","author_info":{"display_name":"mkulmala","author_link":"https:\/\/www.acccflagship.fi\/index.php\/author\/mkulmala\/"},"_links":{"self":[{"href":"https:\/\/www.acccflagship.fi\/index.php\/wp-json\/wp\/v2\/posts\/4642","targetHints":{"allow":["GET"]}}],"collection":[{"href":"https:\/\/www.acccflagship.fi\/index.php\/wp-json\/wp\/v2\/posts"}],"about":[{"href":"https:\/\/www.acccflagship.fi\/index.php\/wp-json\/wp\/v2\/types\/post"}],"author":[{"embeddable":true,"href":"https:\/\/www.acccflagship.fi\/index.php\/wp-json\/wp\/v2\/users\/1"}],"replies":[{"embeddable":true,"href":"https:\/\/www.acccflagship.fi\/index.php\/wp-json\/wp\/v2\/comments?post=4642"}],"version-history":[{"count":1,"href":"https:\/\/www.acccflagship.fi\/index.php\/wp-json\/wp\/v2\/posts\/4642\/revisions"}],"predecessor-version":[{"id":4643,"href":"https:\/\/www.acccflagship.fi\/index.php\/wp-json\/wp\/v2\/posts\/4642\/revisions\/4643"}],"wp:featuredmedia":[{"embeddable":true,"href":"https:\/\/www.acccflagship.fi\/index.php\/wp-json\/wp\/v2\/media\/2541"}],"wp:attachment":[{"href":"https:\/\/www.acccflagship.fi\/index.php\/wp-json\/wp\/v2\/media?parent=4642"}],"wp:term":[{"taxonomy":"category","embeddable":true,"href":"https:\/\/www.acccflagship.fi\/index.php\/wp-json\/wp\/v2\/categories?post=4642"},{"taxonomy":"post_tag","embeddable":true,"href":"https:\/\/www.acccflagship.fi\/index.php\/wp-json\/wp\/v2\/tags?post=4642"}],"curies":[{"name":"wp","href":"https:\/\/api.w.org\/{rel}","templated":true}]}}